{"id":4127,"date":"2023-05-30T15:13:43","date_gmt":"2023-05-30T15:13:43","guid":{"rendered":"https:\/\/centroecuestrelasdehesillas.com\/?p=4127"},"modified":"2023-05-30T15:16:00","modified_gmt":"2023-05-30T15:16:00","slug":"campamento-ecuestre-verano-de-2023","status":"publish","type":"post","link":"https:\/\/centroecuestrelasdehesillas.com\/index.php\/2023\/05\/30\/campamento-ecuestre-verano-de-2023\/","title":{"rendered":"Campamento Ecuestre &#8211; Verano De 2023"},"content":{"rendered":"<div class=\"wp-block-image\">\n<figure class=\"aligncenter size-large\"><img fetchpriority=\"high\" decoding=\"async\" width=\"1080\" height=\"1350\" src=\"https:\/\/centroecuestrelasdehesillas.com\/wp-content\/uploads\/2023\/05\/4-819x1024.jpeg\" alt=\"\" class=\"wp-image-318\"\/><\/figure><\/div>\n\n\n<p><\/p>\n\n\n\n<p>Ya est\u00e1n abiertas las inscripciones para nuestro campamento ecuestre de verano de 2023. Lo realizaremos en las siguientes semanas:<\/p>\n\n\n\n<ul class=\"wp-block-list\">\n<li>26 al 30 de junio<\/li>\n\n\n\n<li>3 al 7 de julio<\/li>\n\n\n\n<li>10 al 14 de julio<\/li>\n\n\n\n<li>17 al 21 de julio <\/li>\n\n\n\n<li>24 al 28 de julio<\/li>\n<\/ul>\n\n\n\n<p>El campamento est\u00e1 enfocado a personas de 4 a 16 a\u00f1os y las actividades ser\u00e1n las siguientes:<\/p>\n\n\n\n<ul class=\"wp-block-list\">\n<li>Equitaci\u00f3n<\/li>\n\n\n\n<li>Piscina<\/li>\n\n\n\n<li>Actividades al aire libre <\/li>\n\n\n\n<li>Rutas en bicicleta<\/li>\n\n\n\n<li>Manualidades<\/li>\n\n\n\n<li>Juegos<\/li>\n\n\n\n<li>\u00a1Y mucho m\u00e1s!<\/li>\n<\/ul>\n\n\n\n<div class=\"wp-block-group alignfull has-text-color has-background\" style=\"color:#000000;background-color:#ffffff\"><div class=\"wp-block-group__inner-container is-layout-flow wp-block-group-is-layout-flow\">\n<div style=\"height:64px\" aria-hidden=\"true\" class=\"wp-block-spacer\"><\/div>\n\n\n\n<p class=\"has-text-align-center has-small-font-size\" style=\"line-height:.9\"><strong>CONOCE A NUEVOS AMIGOS EN LA NATURALEZA<\/strong><\/p>\n\n\n\n<h2 class=\"wp-block-heading has-text-align-center\" id=\"schedule-a-visit\" style=\"font-size:59px;line-height:1.15\">\u00a1<strong>Ap\u00fantante Ya!<\/strong><\/h2>\n\n\n\n<div class=\"wp-block-buttons is-horizontal is-content-justification-center is-layout-flex wp-container-core-buttons-is-layout-499968f5 wp-block-buttons-is-layout-flex\">\n<div class=\"wp-block-button has-custom-width wp-block-button__width-50\"><a class=\"wp-block-button__link has-text-color has-background wp-element-button\" href=\"https:\/\/centroecuestrelasdehesillas.com\/index.php\/contacto\/\" style=\"border-radius:50px;color:#ffffff;background-color:#000000\">Cont\u00e1ctanos<\/a><\/div>\n<\/div>\n\n\n\n<div style=\"height:64px\" aria-hidden=\"true\" class=\"wp-block-spacer\"><\/div>\n<\/div><\/div>\n","protected":false},"excerpt":{"rendered":"<p>Ya est\u00e1n abiertas las inscripciones para nuestro campamento ecuestre de verano de 2023. Lo realizaremos en las siguientes semanas: El campamento est\u00e1 enfocado a personas de<span class=\"excerpt-hellip\"> [\u2026]<\/span><\/p>\n","protected":false},"author":1,"featured_media":318,"comment_status":"open","ping_status":"open","sticky":false,"template":"","format":"standard","meta":{"_monsterinsights_skip_tracking":false,"_monsterinsights_sitenote_active":false,"_monsterinsights_sitenote_note":"","_monsterinsights_sitenote_category":0,"footnotes":""},"categories":[5],"tags":[],"class_list":["post-4127","post","type-post","status-publish","format-standard","has-post-thumbnail","hentry","category-campamentos"],"jetpack_featured_media_url":"https:\/\/centroecuestrelasdehesillas.com\/wp-content\/uploads\/2023\/05\/4.jpeg","_links":{"self":[{"href":"https:\/\/centroecuestrelasdehesillas.com\/index.php\/wp-json\/wp\/v2\/posts\/4127","targetHints":{"allow":["GET"]}}],"collection":[{"href":"https:\/\/centroecuestrelasdehesillas.com\/index.php\/wp-json\/wp\/v2\/posts"}],"about":[{"href":"https:\/\/centroecuestrelasdehesillas.com\/index.php\/wp-json\/wp\/v2\/types\/post"}],"author":[{"embeddable":true,"href":"https:\/\/centroecuestrelasdehesillas.com\/index.php\/wp-json\/wp\/v2\/users\/1"}],"replies":[{"embeddable":true,"href":"https:\/\/centroecuestrelasdehesillas.com\/index.php\/wp-json\/wp\/v2\/comments?post=4127"}],"version-history":[{"count":2,"href":"https:\/\/centroecuestrelasdehesillas.com\/index.php\/wp-json\/wp\/v2\/posts\/4127\/revisions"}],"predecessor-version":[{"id":4129,"href":"https:\/\/centroecuestrelasdehesillas.com\/index.php\/wp-json\/wp\/v2\/posts\/4127\/revisions\/4129"}],"wp:featuredmedia":[{"embeddable":true,"href":"https:\/\/centroecuestrelasdehesillas.com\/index.php\/wp-json\/wp\/v2\/media\/318"}],"wp:attachment":[{"href":"https:\/\/centroecuestrelasdehesillas.com\/index.php\/wp-json\/wp\/v2\/media?parent=4127"}],"wp:term":[{"taxonomy":"category","embeddable":true,"href":"https:\/\/centroecuestrelasdehesillas.com\/index.php\/wp-json\/wp\/v2\/categories?post=4127"},{"taxonomy":"post_tag","embeddable":true,"href":"https:\/\/centroecuestrelasdehesillas.com\/index.php\/wp-json\/wp\/v2\/tags?post=4127"}],"curies":[{"name":"wp","href":"https:\/\/api.w.org\/{rel}","templated":true}]}}